{"id":540,"global_id":"www.voltoweb.it\/montaldocultura?id=540","global_id_lineage":["www.voltoweb.it\/montaldocultura?id=540"],"author":"104","status":"publish","date":"2021-09-19 13:01:42","date_utc":"2021-09-19 11:01:42","modified":"2021-09-19 13:03:38","modified_utc":"2021-09-19 11:03:38","url":"https:\/\/www.voltoweb.it\/montaldocultura\/evento\/gita-allabbazia-di-novalesa\/","rest_url":"https:\/\/www.voltoweb.it\/montaldocultura\/wp-json\/tribe\/events\/v1\/events\/540","title":"Gita all&#8217;Abbazia di Novalesa","description":"<p><img loading=\"lazy\" class=\"alignnone size-medium wp-image-534\" src=\"https:\/\/www.voltoweb.it\/montaldocultura\/wp-content\/uploads\/sites\/90\/2020\/02\/Novalesa-rid-jpg-210x300.jpg\" alt=\"\" width=\"210\" height=\"300\" srcset=\"https:\/\/www.voltoweb.it\/montaldocultura\/wp-content\/uploads\/sites\/90\/2020\/02\/Novalesa-rid-jpg-210x300.jpg 210w, https:\/\/www.voltoweb.it\/montaldocultura\/wp-content\/uploads\/sites\/90\/2020\/02\/Novalesa-rid-jpg-717x1024.jpg 717w, https:\/\/www.voltoweb.it\/montaldocultura\/wp-content\/uploads\/sites\/90\/2020\/02\/Novalesa-rid-jpg-768x1097.jpg 768w, https:\/\/www.voltoweb.it\/montaldocultura\/wp-content\/uploads\/sites\/90\/2020\/02\/Novalesa-rid-jpg-1075x1536.jpg 1075w, https:\/\/www.voltoweb.it\/montaldocultura\/wp-content\/uploads\/sites\/90\/2020\/02\/Novalesa-rid-jpg-1434x2048.jpg 1434w, https:\/\/www.voltoweb.it\/montaldocultura\/wp-content\/uploads\/sites\/90\/2020\/02\/Novalesa-rid-jpg.jpg 1772w\" sizes=\"(max-width: 210px) 100vw, 210px\" \/>Dopo la brillante iniziativa COLOR_SIZE realizzata con l&#8217;associazione FeliceMente al Circolo a giugno\/luglio, grazie al nostro artista Eraldo Taliano che ha contribuito a &#8220;colorare&#8221; i bimbi di estate ragazzi, con Valerio abbiamo organizzato per sabato 9 ottobre una gita guidata all&#8217;abbazia di Novalesa. Sar\u00e0 messo a disposizione gratuitamente da parte del Vol.To un pullman da 25 posti, secondo normative COVID. Si partir\u00e0 da Montaldo alle 8,30, si visiter\u00e0 l&#8217;abbazia con la guida dei padri Bendettini, il parco e le cappelle cimiteriali, non prima di aver dato un&#8217;occhiata alla bella cascata posta sul percorso pedonale di 500 metri che porta dal parcheggio all&#8217;abbazia stessa. Dopo la visita pranzo libero e successivamente il pullman ci porter\u00e0 nel centro di Susa per una passeggiata nel centro storico. Rientro previsto a Montaldo per le 18,30.<\/p>\n<p class=\"default-style\">Prenotazioni o via email (<a href=\"mailto:montaldo.cultura@libero.it\">montaldo.cultura@libero.it<\/a>) oppure telefonicamente ai numeri:<\/p>\n<p class=\"default-style\">Giovanni: 348 2325283<\/p>\n<p class=\"default-style\">Valerio: 3474688453<\/p>\n<p class=\"default-style\">","excerpt":"","slug":"gita-allabbazia-di-novalesa","image":{"url":"https:\/\/www.voltoweb.it\/montaldocultura\/wp-content\/uploads\/sites\/90\/2020\/02\/Novalesa-rid-jpg.jpg","id":534,"extension":"jpg","width":1772,"height":2531,"sizes":{"medium":{"width":210,"height":300,"mime-type":"image\/jpeg","url":"https:\/\/www.voltoweb.it\/montaldocultura\/wp-content\/uploads\/sites\/90\/2020\/02\/Novalesa-rid-jpg-210x300.jpg"},"large":{"width":717,"height":1024,"mime-type":"image\/jpeg","url":"https:\/\/www.voltoweb.it\/montaldocultura\/wp-content\/uploads\/sites\/90\/2020\/02\/Novalesa-rid-jpg-717x1024.jpg"},"thumbnail":{"width":150,"height":150,"mime-type":"image\/jpeg","url":"https:\/\/www.voltoweb.it\/montaldocultura\/wp-content\/uploads\/sites\/90\/2020\/02\/Novalesa-rid-jpg-150x150.jpg"},"medium_large":{"width":768,"height":1097,"mime-type":"image\/jpeg","url":"https:\/\/www.voltoweb.it\/montaldocultura\/wp-content\/uploads\/sites\/90\/2020\/02\/Novalesa-rid-jpg-768x1097.jpg"},"1536x1536":{"width":1075,"height":1536,"mime-type":"image\/jpeg","url":"https:\/\/www.voltoweb.it\/montaldocultura\/wp-content\/uploads\/sites\/90\/2020\/02\/Novalesa-rid-jpg-1075x1536.jpg"},"2048x2048":{"width":1434,"height":2048,"mime-type":"image\/jpeg","url":"https:\/\/www.voltoweb.it\/montaldocultura\/wp-content\/uploads\/sites\/90\/2020\/02\/Novalesa-rid-jpg-1434x2048.jpg"},"thumb-small":{"width":160,"height":160,"mime-type":"image\/jpeg","url":"https:\/\/www.voltoweb.it\/montaldocultura\/wp-content\/uploads\/sites\/90\/2020\/02\/Novalesa-rid-jpg-160x160.jpg"},"thumb-standard":{"width":320,"height":320,"mime-type":"image\/jpeg","url":"https:\/\/www.voltoweb.it\/montaldocultura\/wp-content\/uploads\/sites\/90\/2020\/02\/Novalesa-rid-jpg-320x320.jpg"},"thumb-medium":{"width":520,"height":245,"mime-type":"image\/jpeg","url":"https:\/\/www.voltoweb.it\/montaldocultura\/wp-content\/uploads\/sites\/90\/2020\/02\/Novalesa-rid-jpg-520x245.jpg"},"thumb-large":{"width":720,"height":340,"mime-type":"image\/jpeg","url":"https:\/\/www.voltoweb.it\/montaldocultura\/wp-content\/uploads\/sites\/90\/2020\/02\/Novalesa-rid-jpg-720x340.jpg"}}},"all_day":false,"start_date":"2021-10-09 08:30:00","start_date_details":{"year":"2021","month":"10","day":"09","hour":"08","minutes":"30","seconds":"00"},"end_date":"2021-10-09 18:30:00","end_date_details":{"year":"2021","month":"10","day":"09","hour":"18","minutes":"30","seconds":"00"},"utc_start_date":"2021-10-09 06:30:00","utc_start_date_details":{"year":"2021","month":"10","day":"09","hour":"06","minutes":"30","seconds":"00"},"utc_end_date":"2021-10-09 16:30:00","utc_end_date_details":{"year":"2021","month":"10","day":"09","hour":"16","minutes":"30","seconds":"00"},"timezone":"Europe\/Rome","timezone_abbr":"CEST","cost":"","cost_details":{"currency_symbol":"","currency_code":"","currency_position":"prefix","values":[]},"website":"","show_map":true,"show_map_link":true,"hide_from_listings":false,"sticky":true,"featured":true,"categories":[{"name":"Agenda eventi","slug":"agenda-eventi","term_group":0,"term_taxonomy_id":3,"taxonomy":"tribe_events_cat","description":"","parent":0,"count":4,"filter":"raw","term_order":"0","id":3,"urls":{"self":"https:\/\/www.voltoweb.it\/montaldocultura\/wp-json\/tribe\/events\/v1\/categories\/3","collection":"https:\/\/www.voltoweb.it\/montaldocultura\/wp-json\/tribe\/events\/v1\/categories"}}],"tags":[],"venue":[],"organizer":[],"json_ld":{"@context":"http:\/\/schema.org","@type":"Event","name":"Gita all&#8217;Abbazia di Novalesa","description":"&lt;p&gt;Dopo la brillante iniziativa COLOR_SIZE realizzata con l\\'associazione FeliceMente al Circolo a giugno\/luglio, grazie al nostro artista Eraldo Taliano che ha contribuito a &quot;colorare&quot; i bimbi di estate ragazzi, con Valerio abbiamo organizzato per&#046;&#046;&#046;&lt;\/p&gt;\\n","image":"https:\/\/www.voltoweb.it\/montaldocultura\/wp-content\/uploads\/sites\/90\/2020\/02\/Novalesa-rid-jpg.jpg","url":"https:\/\/www.voltoweb.it\/montaldocultura\/evento\/gita-allabbazia-di-novalesa\/","startDate":"2021-10-09T08:30:00+02:00","endDate":"2021-10-09T18:30:00+02:00","performer":"Organization"}}